{"id":6689,"date":"2021-09-22T17:40:15","date_gmt":"2021-09-22T15:40:15","guid":{"rendered":"https:\/\/www.jmgcranes.it\/?p=6689"},"modified":"2025-05-28T17:22:40","modified_gmt":"2025-05-28T15:22:40","slug":"gis-2021-exposition","status":"publish","type":"post","link":"https:\/\/www.jmgcranes.it\/fr\/sans-categorie\/gis-2021-exposition\/","title":{"rendered":"Exposition GIS 2021"},"content":{"rendered":"<h3><b>GIS 2021, rendez-vous \u00e0 Piacenza Expo du 7 au 9 octobre 2021<\/b><\/h3>\n<p class=\"translation-block\">Apr\u00e8s JDL en France, Matexpo en Belgique et Marmomac \u00e0 V\u00e9rone, c'est au tour de GIS \u00e0 Piacenza. Derni\u00e8re des quatre foires auxquelles JMG Grues a particip\u00e9 en un peu plus d'un mois, l'\u00e9v\u00e9nement de Piacenza vient couronner une nouvelle rencontre et un dialogue avec les clients qui avaient disparu depuis plus d'un an, pour les raisons bien connues. L'entreprise de Cr\u00e9mone a \u00e9galement choisi l'\u00e9v\u00e9nement de Piacenza comme celui auquel elle est le plus impliqu\u00e9e, gr\u00e2ce \u00e0 un double stand qui accueillera les visiteurs qui acc\u00e9deront \u00e0 l'\u00e9v\u00e9nement par l'entr\u00e9e principale, en le traversant pr\u00e9cis\u00e9ment parce qu'il se d\u00e9veloppe en int\u00e9grant dans sa disposition l'all\u00e9e C du Hall 1.<\/p>\n<h3><b>Un d\u00e9fil\u00e9 de machines, de formation et de design\u00a0<\/b><\/h3>\n<p class=\"translation-block\">La pr\u00e9sence de JMG Cranes au GIS a un impact fort sur le visiteur. En plus de l'emplacement du stand mentionn\u00e9 pr\u00e9c\u00e9demment et de son agencement doubl\u00e9, qui accueillera la majorit\u00e9 des visiteurs de GIS, la pr\u00e9sence massive de machines viendra compl\u00e9ter l'exp\u00e9rience. Au moment o\u00f9 nous \u00e9crivons cet article, la liste des mod\u00e8les pr\u00e9vus pour le GIS est vraiment \u00e9tendue : MC45S, MC70S, MC100S, MC130S, MC180S et, last but not least, MC22.5RE. Bien qu\u2019il ne s\u2019agisse pas de nouveaut\u00e9s (pour celles-ci, JMG Cranes a d\u00e9cid\u00e9 d\u2019organiser un \u00e9v\u00e9nement d\u00e9di\u00e9, dont les d\u00e9tails sont dans la section \u201cHors salon\u201d), la s\u00e9lection de ces mod\u00e8les est tr\u00e8s judicieuse, car ils permettent au visiteur d\u2019avoir un aper\u00e7u complet de la gamme Pick &amp; Carry (et pas seulement) propos\u00e9e par JMG Cranes. Sans oublier que tous ces mod\u00e8les ont fait l\u2019objet d\u2019une refonte profonde au cours des 18 derniers mois, et que la MC22.5RE est une nouveaut\u00e9 lanc\u00e9e sur le march\u00e9 d\u00e9but 2021.\n\nLes nouveaut\u00e9s de cette \u00e9dition sont les espaces qui seront am\u00e9nag\u00e9s \u00e0 l\u2019int\u00e9rieur du stand JMG : une zone de formation, o\u00f9 se d\u00e9roulera la formation op\u00e9rationnelle avec les grues, et une zone informatis\u00e9e o\u00f9 les ing\u00e9nieurs JMG montreront aux visiteurs comment se fait la conception des grues \u00e9lectriques de la marque.<\/p>\n<p><i><span style=\"font-weight: 400;\">Pour plus d'informations sur le SIG 2021 : <\/span><\/i><a href=\"https:\/\/gisexpo.it\" target=\"_blank\" rel=\"noopener\"><i><span style=\"font-weight: 400;\">https:\/\/gisexpo.it<\/span><\/i><\/a><\/p>\n<p><i><span style=\"font-weight: 400;\">O\u00f9 : GIS, Expo Piacenza<\/span><\/i><\/p>\n<p><i><span style=\"font-weight: 400;\">Quand : 7-9 octobre 2021<\/span><\/i><\/p>\n<p><strong>#Fuori salone\u00a0<\/strong><\/p>\n<p><i><span style=\"font-weight: 400;\">JMG Cranes a d\u00e9cid\u00e9 de ne pas pr\u00e9senter l'un de ses nouveaux produits \u00e0 GIS 2021, mais de lui consacrer un \u00e9v\u00e9nement ad hoc \u00e0 Cr\u00e9mone dans la soir\u00e9e du samedi 9 octobre 2021.<\/span><\/i><\/p>\n<p><i><span style=\"font-weight: 400;\">Restez \u00e0 l'\u00e9coute<\/span><\/i><\/p>\n<p>&nbsp;<\/p>","protected":false},"excerpt":{"rendered":"<p>GIS 2021, appuntamento a Piacenza Expo dal 7 al 9 ottobre 2021 Dopo JDL in Francia, Matexpo in Belgio e Marmomac a Verona, e\u0300 il turno di GIS, a Piacenza. Ultima delle quattro fiere cui JMG Cranes ha partecipato in poco piu\u0300 di un mese, l\u2019evento piacentino giunge a coronamento di un ritrovato incontrarsi e [&hellip;]<\/p>","protected":false},"author":1,"featured_media":11010,"comment_status":"closed","ping_status":"open","sticky":false,"template":"","format":"standard","meta":{"_acf_changed":false,"footnotes":""},"categories":[52],"tags":[],"class_list":["post-6689","post","type-post","status-publish","format-standard","has-post-thumbnail","hentry","category-senza-categoria-it"],"acf":[],"_links":{"self":[{"href":"https:\/\/www.jmgcranes.it\/fr\/wp-json\/wp\/v2\/posts\/6689","targetHints":{"allow":["GET"]}}],"collection":[{"href":"https:\/\/www.jmgcranes.it\/fr\/wp-json\/wp\/v2\/posts"}],"about":[{"href":"https:\/\/www.jmgcranes.it\/fr\/wp-json\/wp\/v2\/types\/post"}],"author":[{"embeddable":true,"href":"https:\/\/www.jmgcranes.it\/fr\/wp-json\/wp\/v2\/users\/1"}],"replies":[{"embeddable":true,"href":"https:\/\/www.jmgcranes.it\/fr\/wp-json\/wp\/v2\/comments?post=6689"}],"version-history":[{"count":1,"href":"https:\/\/www.jmgcranes.it\/fr\/wp-json\/wp\/v2\/posts\/6689\/revisions"}],"predecessor-version":[{"id":12361,"href":"https:\/\/www.jmgcranes.it\/fr\/wp-json\/wp\/v2\/posts\/6689\/revisions\/12361"}],"wp:featuredmedia":[{"embeddable":true,"href":"https:\/\/www.jmgcranes.it\/fr\/wp-json\/wp\/v2\/media\/11010"}],"wp:attachment":[{"href":"https:\/\/www.jmgcranes.it\/fr\/wp-json\/wp\/v2\/media?parent=6689"}],"wp:term":[{"taxonomy":"category","embeddable":true,"href":"https:\/\/www.jmgcranes.it\/fr\/wp-json\/wp\/v2\/categories?post=6689"},{"taxonomy":"post_tag","embeddable":true,"href":"https:\/\/www.jmgcranes.it\/fr\/wp-json\/wp\/v2\/tags?post=6689"}],"curies":[{"name":"wp","href":"https:\/\/api.w.org\/{rel}","templated":true}]}}